{"id":1535,"date":"2026-04-24T11:59:00","date_gmt":"2026-04-24T11:59:00","guid":{"rendered":"https:\/\/onwheelstv.com\/?p=1535"},"modified":"2026-04-25T19:26:01","modified_gmt":"2026-04-25T19:26:01","slug":"lucas-auer-lidera-treinos-do-dtm-no-red-bull-ring-com-dominio-mercedes-e-destaque-da-mclaren","status":"publish","type":"post","link":"https:\/\/onwheelstv.com\/en\/lucas-auer-lidera-treinos-do-dtm-no-red-bull-ring-com-dominio-mercedes-e-destaque-da-mclaren\/","title":{"rendered":"Lucas Auer Leads DTM Practice at Red Bull Ring as Mercedes Dominates and McLaren Shines"},"content":{"rendered":"<figure class=\"wp-block-image size-large\"><img loading=\"lazy\" decoding=\"async\" width=\"1024\" height=\"576\" src=\"https:\/\/onwheelstv.com\/wp-content\/uploads\/2026\/04\/2026NewsAbrDTMR1FP1-1024x576.jpg\" alt=\"\" class=\"wp-image-1537\" srcset=\"https:\/\/onwheelstv.com\/wp-content\/uploads\/2026\/04\/2026NewsAbrDTMR1FP1-1024x576.jpg 1024w, https:\/\/onwheelstv.com\/wp-content\/uploads\/2026\/04\/2026NewsAbrDTMR1FP1-300x169.jpg 300w, https:\/\/onwheelstv.com\/wp-content\/uploads\/2026\/04\/2026NewsAbrDTMR1FP1-768x432.jpg 768w, https:\/\/onwheelstv.com\/wp-content\/uploads\/2026\/04\/2026NewsAbrDTMR1FP1-18x10.jpg 18w, https:\/\/onwheelstv.com\/wp-content\/uploads\/2026\/04\/2026NewsAbrDTMR1FP1-747x420.jpg 747w, https:\/\/onwheelstv.com\/wp-content\/uploads\/2026\/04\/2026NewsAbrDTMR1FP1-150x84.jpg 150w, https:\/\/onwheelstv.com\/wp-content\/uploads\/2026\/04\/2026NewsAbrDTMR1FP1-696x392.jpg 696w, https:\/\/onwheelstv.com\/wp-content\/uploads\/2026\/04\/2026NewsAbrDTMR1FP1-1068x601.jpg 1068w, https:\/\/onwheelstv.com\/wp-content\/uploads\/2026\/04\/2026NewsAbrDTMR1FP1.jpg 1280w\" sizes=\"auto, (max-width: 1024px) 100vw, 1024px\" \/><figcaption class=\"wp-element-caption\">Photo: <strong>\u00a9DTM<\/strong><\/figcaption><\/figure>\n\n\n\n<p>The start of the DTM weekend at the Red Bull Ring confirmed a highly competitive field, with Mercedes-AMG taking center stage in free practice. Lucas Auer, racing on home soil, stood out by leading the second session, which served as a qualifying simulation using the new Pirelli slick tyres.<\/p>\n\n\n\n<p>Auer set the fastest lap of the day with a time of 1:28.204, showing early pace capable of putting him in contention for top positions. <strong>\"That was a good start to my home event. We will see in Saturday's first qualifying session how we get on with the new tyre. Driving at this great circuit is always very special for me. The first three corners will be particularly important in the races, as they are the best places to overtake\"<\/strong>, said the Austrian driver.<\/p>\n\n\n\n<p>Mercedes-AMG\u2019s dominance was clear in this key session, with Jules Gounon and Maro Engel completing the top three, separated by just six thousandths of a second. A result that reinforces the German manufacturer\u2019s consistency and positions it as the benchmark at the start of the season.<\/p>\n\n\n\n<figure class=\"wp-block-image size-large\"><img loading=\"lazy\" decoding=\"async\" width=\"1024\" height=\"576\" src=\"https:\/\/onwheelstv.com\/wp-content\/uploads\/2026\/04\/2026NewsAbrDTMR1FP2-1024x576.jpg\" alt=\"\" class=\"wp-image-1539\" srcset=\"https:\/\/onwheelstv.com\/wp-content\/uploads\/2026\/04\/2026NewsAbrDTMR1FP2-1024x576.jpg 1024w, https:\/\/onwheelstv.com\/wp-content\/uploads\/2026\/04\/2026NewsAbrDTMR1FP2-300x169.jpg 300w, https:\/\/onwheelstv.com\/wp-content\/uploads\/2026\/04\/2026NewsAbrDTMR1FP2-768x432.jpg 768w, https:\/\/onwheelstv.com\/wp-content\/uploads\/2026\/04\/2026NewsAbrDTMR1FP2-18x10.jpg 18w, https:\/\/onwheelstv.com\/wp-content\/uploads\/2026\/04\/2026NewsAbrDTMR1FP2-747x420.jpg 747w, https:\/\/onwheelstv.com\/wp-content\/uploads\/2026\/04\/2026NewsAbrDTMR1FP2-150x84.jpg 150w, https:\/\/onwheelstv.com\/wp-content\/uploads\/2026\/04\/2026NewsAbrDTMR1FP2-696x392.jpg 696w, https:\/\/onwheelstv.com\/wp-content\/uploads\/2026\/04\/2026NewsAbrDTMR1FP2-1068x601.jpg 1068w, https:\/\/onwheelstv.com\/wp-content\/uploads\/2026\/04\/2026NewsAbrDTMR1FP2.jpg 1280w\" sizes=\"auto, (max-width: 1024px) 100vw, 1024px\" \/><figcaption class=\"wp-element-caption\">Photo: <strong>\u00a9DTM<\/strong><\/figcaption><\/figure>\n\n\n\n<p>However, McLaren also had reasons to celebrate. Ben D\u00f6rr was the fastest in the opening free practice session in the morning, setting a lap of 1:28.567 and putting D\u00f6rr Motorsport at the top of the timesheets. <strong>\"We worked hard and I spent a lot of time in the car. That paid dividends, as I did better than last year. The layout suits me. If the weather is nice, you could see the 1:28.000-minute mark cracked in Saturday's qualifying\"<\/strong>, the driver explained.<\/p>\n\n\n\n<p>Another highlight of the day was Tom Kalender, who placed a Mercedes-AMG in fifth overall and set the fastest time in the third free practice session in the afternoon, with a lap of 1:28.841. Meanwhile, Timo Glock, D\u00f6rr\u2019s team-mate, ended the day in sixth place, remaining close to the top positions.<\/p>\n\n\n\n<p>All three sessions took place under ideal conditions, with sunshine and stable weather at the 4.326-kilometre Austrian circuit. However, it was during the mid-session qualifying simulation that the fastest times were recorded, hinting at an intense battle for pole position.<\/p>","protected":false},"excerpt":{"rendered":"<p>O arranque do fim de semana do DTM no Red Bull Ring confirmou um cen\u00e1rio de forte competitividade, com a Mercedes-AMG a assumir o protagonismo nos treinos livres. Lucas Auer, a correr em casa, colocou-se em evid\u00eancia ao liderar a segunda sess\u00e3o, aquela que funcionou como simula\u00e7\u00e3o de qualifica\u00e7\u00e3o com os novos pneus slick desenvolvidos [&hellip;]<\/p>\n","protected":false},"author":2,"featured_media":1536,"comment_status":"open","ping_status":"closed","sticky":false,"template":"","format":"standard","meta":{"_monsterinsights_skip_tracking":false,"_monsterinsights_sitenote_active":false,"_monsterinsights_sitenote_note":"","_monsterinsights_sitenote_category":0,"_uf_show_specific_survey":0,"_uf_disable_surveys":false,"footnotes":""},"categories":[210,33,8],"tags":[463,464,178,225,465,222,131],"class_list":{"0":"post-1535","1":"post","2":"type-post","3":"status-publish","4":"format-standard","5":"has-post-thumbnail","7":"category-dtm","8":"category-motorsport","9":"category-news","10":"tag-ben-dorr","11":"tag-dorr-motorsport","12":"tag-dtm","13":"tag-lucas-auer","14":"tag-mclaren","15":"tag-mercedes-amg","16":"tag-red-bull-ring"},"aioseo_notices":[],"amp_enabled":true,"_links":{"self":[{"href":"https:\/\/onwheelstv.com\/en\/wp-json\/wp\/v2\/posts\/1535","targetHints":{"allow":["GET"]}}],"collection":[{"href":"https:\/\/onwheelstv.com\/en\/wp-json\/wp\/v2\/posts"}],"about":[{"href":"https:\/\/onwheelstv.com\/en\/wp-json\/wp\/v2\/types\/post"}],"author":[{"embeddable":true,"href":"https:\/\/onwheelstv.com\/en\/wp-json\/wp\/v2\/users\/2"}],"replies":[{"embeddable":true,"href":"https:\/\/onwheelstv.com\/en\/wp-json\/wp\/v2\/comments?post=1535"}],"version-history":[{"count":3,"href":"https:\/\/onwheelstv.com\/en\/wp-json\/wp\/v2\/posts\/1535\/revisions"}],"predecessor-version":[{"id":1541,"href":"https:\/\/onwheelstv.com\/en\/wp-json\/wp\/v2\/posts\/1535\/revisions\/1541"}],"wp:featuredmedia":[{"embeddable":true,"href":"https:\/\/onwheelstv.com\/en\/wp-json\/wp\/v2\/media\/1536"}],"wp:attachment":[{"href":"https:\/\/onwheelstv.com\/en\/wp-json\/wp\/v2\/media?parent=1535"}],"wp:term":[{"taxonomy":"category","embeddable":true,"href":"https:\/\/onwheelstv.com\/en\/wp-json\/wp\/v2\/categories?post=1535"},{"taxonomy":"post_tag","embeddable":true,"href":"https:\/\/onwheelstv.com\/en\/wp-json\/wp\/v2\/tags?post=1535"}],"curies":[{"name":"wp","href":"https:\/\/api.w.org\/{rel}","templated":true}]}}