{"id":1542,"date":"2026-04-25T11:59:00","date_gmt":"2026-04-25T11:59:00","guid":{"rendered":"https:\/\/onwheelstv.com\/?p=1542"},"modified":"2026-04-25T19:49:25","modified_gmt":"2026-04-25T19:49:25","slug":"maro-engel-conquista-primeira-pole-da-epoca-no-dtm-com-novo-recorde-no-red-bull-ring","status":"publish","type":"post","link":"https:\/\/onwheelstv.com\/en\/maro-engel-conquista-primeira-pole-da-epoca-no-dtm-com-novo-recorde-no-red-bull-ring\/","title":{"rendered":"Maro Engel Secures First DTM Pole Of the Season With New Record at Red Bull Ring"},"content":{"rendered":"<figure class=\"wp-block-image size-large\"><img loading=\"lazy\" decoding=\"async\" width=\"1024\" height=\"576\" src=\"https:\/\/onwheelstv.com\/wp-content\/uploads\/2026\/04\/2026NewsAbrDTMR1Q1-1024x576.jpg\" alt=\"\" class=\"wp-image-1544\" srcset=\"https:\/\/onwheelstv.com\/wp-content\/uploads\/2026\/04\/2026NewsAbrDTMR1Q1-1024x576.jpg 1024w, https:\/\/onwheelstv.com\/wp-content\/uploads\/2026\/04\/2026NewsAbrDTMR1Q1-300x169.jpg 300w, https:\/\/onwheelstv.com\/wp-content\/uploads\/2026\/04\/2026NewsAbrDTMR1Q1-768x432.jpg 768w, https:\/\/onwheelstv.com\/wp-content\/uploads\/2026\/04\/2026NewsAbrDTMR1Q1-18x10.jpg 18w, https:\/\/onwheelstv.com\/wp-content\/uploads\/2026\/04\/2026NewsAbrDTMR1Q1-747x420.jpg 747w, https:\/\/onwheelstv.com\/wp-content\/uploads\/2026\/04\/2026NewsAbrDTMR1Q1-150x84.jpg 150w, https:\/\/onwheelstv.com\/wp-content\/uploads\/2026\/04\/2026NewsAbrDTMR1Q1-696x392.jpg 696w, https:\/\/onwheelstv.com\/wp-content\/uploads\/2026\/04\/2026NewsAbrDTMR1Q1-1068x601.jpg 1068w, https:\/\/onwheelstv.com\/wp-content\/uploads\/2026\/04\/2026NewsAbrDTMR1Q1.jpg 1280w\" sizes=\"auto, (max-width: 1024px) 100vw, 1024px\" \/><figcaption class=\"wp-element-caption\">Photo: <strong>\u00a9DTM<\/strong><\/figcaption><\/figure>\n\n\n\n<p>Maro Engel enjoyed a perfect start to the 2026 DTM season by securing pole position in Saturday\u2019s qualifying session at the Red Bull Ring. The Mercedes-AMG driver posted a best lap of 1:27.403, beating the previous qualifying record set in 2023 by more than two tenths of a second.<\/p>\n\n\n\n<p><strong>\"A mega start to the new season! My radio was not working on the final few laps, so I only found out about the pole position when I got back to the pit lane. We want to put on a great show for the spectators in the race, and I would obviously like to start the season with a win\"<\/strong>, said Engel, winner of the Pirelli Pole Position Award and already with the first three points of the championship.<\/p>\n\n\n\n<figure class=\"wp-block-image size-large\"><img loading=\"lazy\" decoding=\"async\" width=\"1024\" height=\"576\" src=\"https:\/\/onwheelstv.com\/wp-content\/uploads\/2026\/04\/2026NewsAbrDTMR1Q2-1024x576.jpg\" alt=\"\" class=\"wp-image-1545\" srcset=\"https:\/\/onwheelstv.com\/wp-content\/uploads\/2026\/04\/2026NewsAbrDTMR1Q2-1024x576.jpg 1024w, https:\/\/onwheelstv.com\/wp-content\/uploads\/2026\/04\/2026NewsAbrDTMR1Q2-300x169.jpg 300w, https:\/\/onwheelstv.com\/wp-content\/uploads\/2026\/04\/2026NewsAbrDTMR1Q2-768x432.jpg 768w, https:\/\/onwheelstv.com\/wp-content\/uploads\/2026\/04\/2026NewsAbrDTMR1Q2-18x10.jpg 18w, https:\/\/onwheelstv.com\/wp-content\/uploads\/2026\/04\/2026NewsAbrDTMR1Q2-747x420.jpg 747w, https:\/\/onwheelstv.com\/wp-content\/uploads\/2026\/04\/2026NewsAbrDTMR1Q2-150x84.jpg 150w, https:\/\/onwheelstv.com\/wp-content\/uploads\/2026\/04\/2026NewsAbrDTMR1Q2-696x392.jpg 696w, https:\/\/onwheelstv.com\/wp-content\/uploads\/2026\/04\/2026NewsAbrDTMR1Q2-1068x601.jpg 1068w, https:\/\/onwheelstv.com\/wp-content\/uploads\/2026\/04\/2026NewsAbrDTMR1Q2.jpg 1280w\" sizes=\"auto, (max-width: 1024px) 100vw, 1024px\" \/><figcaption class=\"wp-element-caption\">Photo: <strong>\u00a9DTM<\/strong><\/figcaption><\/figure>\n\n\n\n<p>Mercedes once again confirmed the strong pace shown in free practice, but faced tough competition. Ben D\u00f6rr backed up McLaren\u2019s impressive performance by placing his 720S GT3 Evo in second position, just 0.015 seconds behind Engel in one of the closest qualifying sessions in recent times.<\/p>\n\n\n\n<p>The home crowd also had reason to celebrate, as Thomas Preining secured third place in his Porsche. <strong>\"We made a few adjustments to the set-up overnight, but I was still not expecting such a great result. The car is running really well. We have a super starting position and I obviously want to be right up at the front in my home race\"<\/strong>, said the Austrian driver.<\/p>\n\n\n\n<p>Just behind, Lucas Auer reinforced Mercedes-AMG\u2019s strong showing by qualifying fourth, while newcomer Bastian Buus impressed by taking another Porsche 911 GT3 R to fifth place, highlighting the competitive balance between manufacturers.<\/p>\n\n\n\n<p>The session took place under clear skies and temperatures around 10 degrees Celsius, with the final phase turning into a thrilling race against the clock. Preining was the first to break into the 1:27 range, followed by Buus, before Engel secured the top spot in the closing minutes. D\u00f6rr climbed to second on the final lap, with the top six all beating the previous record thanks to the new Pirelli tyres.<\/p>","protected":false},"excerpt":{"rendered":"<p>Maro Engel teve um arranque perfeito na temporada 2026 do DTM ao garantir a pole position na qualifica\u00e7\u00e3o de s\u00e1bado no Red Bull Ring. O piloto da Mercedes-AMG completou a sua melhor volta em 1:27.403 minutos, batendo o anterior recorde de qualifica\u00e7\u00e3o, estabelecido em 2023, por mais de duas d\u00e9cimas de segundo. &#8220;Um arranque incr\u00edvel [&hellip;]<\/p>\n","protected":false},"author":2,"featured_media":1543,"comment_status":"open","ping_status":"closed","sticky":false,"template":"","format":"standard","meta":{"_monsterinsights_skip_tracking":false,"_monsterinsights_sitenote_active":false,"_monsterinsights_sitenote_note":"","_monsterinsights_sitenote_category":0,"_uf_show_specific_survey":0,"_uf_disable_surveys":false,"footnotes":""},"categories":[210,33,8],"tags":[463,178,226,467,222,466,131],"class_list":{"0":"post-1542","1":"post","2":"type-post","3":"status-publish","4":"format-standard","5":"has-post-thumbnail","7":"category-dtm","8":"category-motorsport","9":"category-news","10":"tag-ben-dorr","11":"tag-dtm","12":"tag-maro-engel","13":"tag-mclaren-720s-gt3-evo","14":"tag-mercedes-amg","15":"tag-pirelli-pole-position-award","16":"tag-red-bull-ring"},"aioseo_notices":[],"amp_enabled":true,"_links":{"self":[{"href":"https:\/\/onwheelstv.com\/en\/wp-json\/wp\/v2\/posts\/1542","targetHints":{"allow":["GET"]}}],"collection":[{"href":"https:\/\/onwheelstv.com\/en\/wp-json\/wp\/v2\/posts"}],"about":[{"href":"https:\/\/onwheelstv.com\/en\/wp-json\/wp\/v2\/types\/post"}],"author":[{"embeddable":true,"href":"https:\/\/onwheelstv.com\/en\/wp-json\/wp\/v2\/users\/2"}],"replies":[{"embeddable":true,"href":"https:\/\/onwheelstv.com\/en\/wp-json\/wp\/v2\/comments?post=1542"}],"version-history":[{"count":2,"href":"https:\/\/onwheelstv.com\/en\/wp-json\/wp\/v2\/posts\/1542\/revisions"}],"predecessor-version":[{"id":1547,"href":"https:\/\/onwheelstv.com\/en\/wp-json\/wp\/v2\/posts\/1542\/revisions\/1547"}],"wp:featuredmedia":[{"embeddable":true,"href":"https:\/\/onwheelstv.com\/en\/wp-json\/wp\/v2\/media\/1543"}],"wp:attachment":[{"href":"https:\/\/onwheelstv.com\/en\/wp-json\/wp\/v2\/media?parent=1542"}],"wp:term":[{"taxonomy":"category","embeddable":true,"href":"https:\/\/onwheelstv.com\/en\/wp-json\/wp\/v2\/categories?post=1542"},{"taxonomy":"post_tag","embeddable":true,"href":"https:\/\/onwheelstv.com\/en\/wp-json\/wp\/v2\/tags?post=1542"}],"curies":[{"name":"wp","href":"https:\/\/api.w.org\/{rel}","templated":true}]}}