{"id":1657,"date":"2026-05-03T12:13:04","date_gmt":"2026-05-03T12:13:04","guid":{"rendered":"https:\/\/onwheelstv.com\/?p=1657"},"modified":"2026-05-03T12:13:04","modified_gmt":"2026-05-03T12:13:04","slug":"deletraz-coloca-cadillac-na-pole-em-laguna-seca-e-confirma-dominio-no-arranque-do-fim-de-semana","status":"publish","type":"post","link":"https:\/\/onwheelstv.com\/en\/deletraz-coloca-cadillac-na-pole-em-laguna-seca-e-confirma-dominio-no-arranque-do-fim-de-semana\/","title":{"rendered":"Deletraz Puts Cadillac on Pole at Laguna Seca as Dominant Weekend Continues"},"content":{"rendered":"<figure class=\"wp-block-image size-large\"><img loading=\"lazy\" decoding=\"async\" width=\"1024\" height=\"576\" src=\"https:\/\/onwheelstv.com\/wp-content\/uploads\/2026\/05\/2026NewsMaiIMSALgSecaGTPQF1-1024x576.jpg\" alt=\"\" class=\"wp-image-1659\" srcset=\"https:\/\/onwheelstv.com\/wp-content\/uploads\/2026\/05\/2026NewsMaiIMSALgSecaGTPQF1-1024x576.jpg 1024w, https:\/\/onwheelstv.com\/wp-content\/uploads\/2026\/05\/2026NewsMaiIMSALgSecaGTPQF1-300x169.jpg 300w, https:\/\/onwheelstv.com\/wp-content\/uploads\/2026\/05\/2026NewsMaiIMSALgSecaGTPQF1-768x432.jpg 768w, https:\/\/onwheelstv.com\/wp-content\/uploads\/2026\/05\/2026NewsMaiIMSALgSecaGTPQF1-18x10.jpg 18w, https:\/\/onwheelstv.com\/wp-content\/uploads\/2026\/05\/2026NewsMaiIMSALgSecaGTPQF1-747x420.jpg 747w, https:\/\/onwheelstv.com\/wp-content\/uploads\/2026\/05\/2026NewsMaiIMSALgSecaGTPQF1-150x84.jpg 150w, https:\/\/onwheelstv.com\/wp-content\/uploads\/2026\/05\/2026NewsMaiIMSALgSecaGTPQF1-696x392.jpg 696w, https:\/\/onwheelstv.com\/wp-content\/uploads\/2026\/05\/2026NewsMaiIMSALgSecaGTPQF1-1068x601.jpg 1068w, https:\/\/onwheelstv.com\/wp-content\/uploads\/2026\/05\/2026NewsMaiIMSALgSecaGTPQF1.jpg 1280w\" sizes=\"auto, (max-width: 1024px) 100vw, 1024px\" \/><figcaption class=\"wp-element-caption\">Photo: <strong>\u00a9Lumen Photo Agency\/Jake Galstad<\/strong><\/figcaption><\/figure>\n\n\n\n<p>Louis Deletraz confirmed Cadillac\u2019s dominance at Laguna Seca by securing pole position for Round 4 of the IMSA WeatherTech SportsCar Championship. The Swiss driver set the fastest lap of 1:13.221 in the Cadillac V-Series.R run by Wayne Taylor Racing, earning the top spot on the grid at a circuit where overtaking is notoriously difficult.<\/p>\n\n\n\n<p>Cadillac\u2019s strength was further underlined by Jack Aitken, who completed a front-row lockout in the sister car from Cadillac Whelen. The close gap between the two drivers highlighted the consistency and performance of the V-Series.R prototypes throughout the weekend.<\/p>\n\n\n\n<h2 class=\"wp-block-heading has-text-align-center\"><strong>Strong pace confirmed after practice dominance<\/strong><\/h2>\n\n\n\n<figure class=\"wp-block-image size-large\"><img loading=\"lazy\" decoding=\"async\" width=\"1024\" height=\"576\" src=\"https:\/\/onwheelstv.com\/wp-content\/uploads\/2026\/05\/2026NewsMaiIMSALgSecaGTPQF2-1024x576.jpg\" alt=\"\" class=\"wp-image-1661\" srcset=\"https:\/\/onwheelstv.com\/wp-content\/uploads\/2026\/05\/2026NewsMaiIMSALgSecaGTPQF2-1024x576.jpg 1024w, https:\/\/onwheelstv.com\/wp-content\/uploads\/2026\/05\/2026NewsMaiIMSALgSecaGTPQF2-300x169.jpg 300w, https:\/\/onwheelstv.com\/wp-content\/uploads\/2026\/05\/2026NewsMaiIMSALgSecaGTPQF2-768x432.jpg 768w, https:\/\/onwheelstv.com\/wp-content\/uploads\/2026\/05\/2026NewsMaiIMSALgSecaGTPQF2-18x10.jpg 18w, https:\/\/onwheelstv.com\/wp-content\/uploads\/2026\/05\/2026NewsMaiIMSALgSecaGTPQF2-747x420.jpg 747w, https:\/\/onwheelstv.com\/wp-content\/uploads\/2026\/05\/2026NewsMaiIMSALgSecaGTPQF2-150x84.jpg 150w, https:\/\/onwheelstv.com\/wp-content\/uploads\/2026\/05\/2026NewsMaiIMSALgSecaGTPQF2-696x392.jpg 696w, https:\/\/onwheelstv.com\/wp-content\/uploads\/2026\/05\/2026NewsMaiIMSALgSecaGTPQF2-1068x601.jpg 1068w, https:\/\/onwheelstv.com\/wp-content\/uploads\/2026\/05\/2026NewsMaiIMSALgSecaGTPQF2.jpg 1280w\" sizes=\"auto, (max-width: 1024px) 100vw, 1024px\" \/><figcaption class=\"wp-element-caption\">Photo: <strong>\u00a9Lumen Photo Agency\/Brandon Badraoui<\/strong><\/figcaption><\/figure>\n\n\n\n<p>Cadillac\u2019s qualifying performance came as no surprise following a dominant showing in practice sessions, where the American manufacturer consistently set the benchmark. Across three hours of track running, the V-Series.R cars displayed strong pace, which translated directly into qualifying success.<\/p>\n\n\n\n<p>Deletraz, sharing driving duties with Jordan Taylor, executed a clean and effective lap to secure his third career pole in the series and his first since 2024. The Swiss driver, who previously won at Laguna Seca in 2022 in the LMP2 class, praised the team\u2019s recent progress.<\/p>\n\n\n\n<p><strong>\u201cIt\u2019s amazing to get pole, especially at a track like this. We\u2019ve improved a lot as a team, and this result is a reward for everyone\u2019s hard work\u201d<\/strong>, he said.<\/p>\n\n\n\n<h2 class=\"wp-block-heading has-text-align-center\"><strong>Tight competition behind Cadillac<\/strong><\/h2>\n\n\n\n<figure class=\"wp-block-image size-large\"><img loading=\"lazy\" decoding=\"async\" width=\"1024\" height=\"576\" src=\"https:\/\/onwheelstv.com\/wp-content\/uploads\/2026\/05\/2026NewsMaiIMSALgSecaGTPQF3-1024x576.jpg\" alt=\"\" class=\"wp-image-1663\" srcset=\"https:\/\/onwheelstv.com\/wp-content\/uploads\/2026\/05\/2026NewsMaiIMSALgSecaGTPQF3-1024x576.jpg 1024w, https:\/\/onwheelstv.com\/wp-content\/uploads\/2026\/05\/2026NewsMaiIMSALgSecaGTPQF3-300x169.jpg 300w, https:\/\/onwheelstv.com\/wp-content\/uploads\/2026\/05\/2026NewsMaiIMSALgSecaGTPQF3-768x432.jpg 768w, https:\/\/onwheelstv.com\/wp-content\/uploads\/2026\/05\/2026NewsMaiIMSALgSecaGTPQF3-18x10.jpg 18w, https:\/\/onwheelstv.com\/wp-content\/uploads\/2026\/05\/2026NewsMaiIMSALgSecaGTPQF3-747x420.jpg 747w, https:\/\/onwheelstv.com\/wp-content\/uploads\/2026\/05\/2026NewsMaiIMSALgSecaGTPQF3-150x84.jpg 150w, https:\/\/onwheelstv.com\/wp-content\/uploads\/2026\/05\/2026NewsMaiIMSALgSecaGTPQF3-696x392.jpg 696w, https:\/\/onwheelstv.com\/wp-content\/uploads\/2026\/05\/2026NewsMaiIMSALgSecaGTPQF3-1068x601.jpg 1068w, https:\/\/onwheelstv.com\/wp-content\/uploads\/2026\/05\/2026NewsMaiIMSALgSecaGTPQF3.jpg 1280w\" sizes=\"auto, (max-width: 1024px) 100vw, 1024px\" \/><figcaption class=\"wp-element-caption\">Photo: <strong>\u00a9Lumen Photo Agency\/Brandon Badraoui<\/strong><\/figcaption><\/figure>\n\n\n\n<p>Despite Cadillac\u2019s advantage, the field remains highly competitive, with the top seven drivers separated by less than a second. Four different manufacturers were represented in the top six, underlining the strength of the GTP category.<\/p>\n\n\n\n<p>Nick Yelloly placed the Acura ARX-06 of Acura Meyer Shank Racing in third, followed closely by Dries Vanthoor in the BMW M Hybrid V8 of BMW M Team WRT.<\/p>\n\n\n\n<p>Laguna Seca\u2019s high tire degradation will play a key role in the race, making strategy and consistency critical over the two-hour, 40-minute contest. Deletraz remains confident that Cadillac can maintain its pace across full stints.<\/p>\n\n\n\n<p><strong>\u201cWe had strong one-lap pace, but I also believe our race pace is solid. We\u2019re among the top contenders and ready to fight for the win\u201d<\/strong>, he added.<\/p>\n\n\n\n<h2 class=\"wp-block-heading has-text-align-center\"><strong>A crucial moment for Wayne Taylor Racing<\/strong><\/h2>\n\n\n\n<p>For Wayne Taylor Racing, this pole represents an important step forward as the team looks to return to winning form after a challenging period since switching to Cadillac in 2025. Their last GTP victory dates back to 2024, making this weekend a significant opportunity.<\/p>\n\n\n\n<p>With both cars well positioned and performance clearly improving, Cadillac heads into the race as a strong favourite. At a demanding track like Laguna Seca, execution will be key to turning qualifying dominance into race victory.<\/p>","protected":false},"excerpt":{"rendered":"<p>Louis Deletraz confirmou o dom\u00ednio da Cadillac no arranque do fim de semana em Laguna Seca ao garantir a pole position para a quarta ronda do IMSA WeatherTech SportsCar Championship. O piloto su\u00ed\u00e7o assinou a volta mais r\u00e1pida em 1:13.221 ao volante do Cadillac V-Series.R da Wayne Taylor Racing, assegurando assim o melhor lugar da [&hellip;]<\/p>\n","protected":false},"author":2,"featured_media":1658,"comment_status":"open","ping_status":"closed","sticky":false,"template":"","format":"standard","meta":{"_monsterinsights_skip_tracking":false,"_monsterinsights_sitenote_active":false,"_monsterinsights_sitenote_note":"","_monsterinsights_sitenote_category":0,"_uf_show_specific_survey":0,"_uf_disable_surveys":false,"footnotes":""},"categories":[212,33,8],"tags":[511,447,400,512,510,422,431],"class_list":{"0":"post-1657","1":"post","2":"type-post","3":"status-publish","4":"format-standard","5":"has-post-thumbnail","7":"category-imsa","8":"category-motorsport","9":"category-news","10":"tag-cadillac-v-series-r","11":"tag-cadillac-whelen","12":"tag-imsa-weathertech-sportscar","13":"tag-laguna-seca","14":"tag-louis-deletraz","15":"tag-nick-yelloly","16":"tag-wayne-taylor-racing"},"aioseo_notices":[],"amp_enabled":true,"_links":{"self":[{"href":"https:\/\/onwheelstv.com\/en\/wp-json\/wp\/v2\/posts\/1657","targetHints":{"allow":["GET"]}}],"collection":[{"href":"https:\/\/onwheelstv.com\/en\/wp-json\/wp\/v2\/posts"}],"about":[{"href":"https:\/\/onwheelstv.com\/en\/wp-json\/wp\/v2\/types\/post"}],"author":[{"embeddable":true,"href":"https:\/\/onwheelstv.com\/en\/wp-json\/wp\/v2\/users\/2"}],"replies":[{"embeddable":true,"href":"https:\/\/onwheelstv.com\/en\/wp-json\/wp\/v2\/comments?post=1657"}],"version-history":[{"count":3,"href":"https:\/\/onwheelstv.com\/en\/wp-json\/wp\/v2\/posts\/1657\/revisions"}],"predecessor-version":[{"id":1664,"href":"https:\/\/onwheelstv.com\/en\/wp-json\/wp\/v2\/posts\/1657\/revisions\/1664"}],"wp:featuredmedia":[{"embeddable":true,"href":"https:\/\/onwheelstv.com\/en\/wp-json\/wp\/v2\/media\/1658"}],"wp:attachment":[{"href":"https:\/\/onwheelstv.com\/en\/wp-json\/wp\/v2\/media?parent=1657"}],"wp:term":[{"taxonomy":"category","embeddable":true,"href":"https:\/\/onwheelstv.com\/en\/wp-json\/wp\/v2\/categories?post=1657"},{"taxonomy":"post_tag","embeddable":true,"href":"https:\/\/onwheelstv.com\/en\/wp-json\/wp\/v2\/tags?post=1657"}],"curies":[{"name":"wp","href":"https:\/\/api.w.org\/{rel}","templated":true}]}}