{"id":1665,"date":"2026-05-03T12:55:33","date_gmt":"2026-05-03T12:55:33","guid":{"rendered":"https:\/\/onwheelstv.com\/?p=1665"},"modified":"2026-05-03T12:55:34","modified_gmt":"2026-05-03T12:55:34","slug":"hawksworth-coloca-lexus-na-pole-em-laguna-seca-num-dia-marcado-por-emocao-e-historia","status":"publish","type":"post","link":"https:\/\/onwheelstv.com\/en\/hawksworth-coloca-lexus-na-pole-em-laguna-seca-num-dia-marcado-por-emocao-e-historia\/","title":{"rendered":"Hawksworth Puts Lexus on Pole at Laguna Seca in Emotional and Historic Session"},"content":{"rendered":"<figure class=\"wp-block-image size-large\"><img loading=\"lazy\" decoding=\"async\" width=\"1024\" height=\"576\" src=\"https:\/\/onwheelstv.com\/wp-content\/uploads\/2026\/05\/2026NewsMaiIMSALgSecaGTDPQF1-1024x576.jpg\" alt=\"\" class=\"wp-image-1667\" srcset=\"https:\/\/onwheelstv.com\/wp-content\/uploads\/2026\/05\/2026NewsMaiIMSALgSecaGTDPQF1-1024x576.jpg 1024w, https:\/\/onwheelstv.com\/wp-content\/uploads\/2026\/05\/2026NewsMaiIMSALgSecaGTDPQF1-300x169.jpg 300w, https:\/\/onwheelstv.com\/wp-content\/uploads\/2026\/05\/2026NewsMaiIMSALgSecaGTDPQF1-768x432.jpg 768w, https:\/\/onwheelstv.com\/wp-content\/uploads\/2026\/05\/2026NewsMaiIMSALgSecaGTDPQF1-18x10.jpg 18w, https:\/\/onwheelstv.com\/wp-content\/uploads\/2026\/05\/2026NewsMaiIMSALgSecaGTDPQF1-747x420.jpg 747w, https:\/\/onwheelstv.com\/wp-content\/uploads\/2026\/05\/2026NewsMaiIMSALgSecaGTDPQF1-150x84.jpg 150w, https:\/\/onwheelstv.com\/wp-content\/uploads\/2026\/05\/2026NewsMaiIMSALgSecaGTDPQF1-696x392.jpg 696w, https:\/\/onwheelstv.com\/wp-content\/uploads\/2026\/05\/2026NewsMaiIMSALgSecaGTDPQF1-1068x601.jpg 1068w, https:\/\/onwheelstv.com\/wp-content\/uploads\/2026\/05\/2026NewsMaiIMSALgSecaGTDPQF1.jpg 1280w\" sizes=\"auto, (max-width: 1024px) 100vw, 1024px\" \/><figcaption class=\"wp-element-caption\">Photo: <strong>\u00a9Lumen Photo Agency\/Brandon Badraoui<\/strong><\/figcaption><\/figure>\n\n\n\n<p>Jack Hawksworth secured pole position in the GTD PRO class at Laguna Seca in a session defined by both competitiveness and emotion, driving the Lexus RC F GT3 for Vasser Sullivan Racing. The British driver set a best lap of 1:21.228, topping a tightly contested qualifying session in Round 4 of the IMSA WeatherTech SportsCar Championship.<\/p>\n\n\n\n<p>In a special \u201cThrowback Weekend\u201d atmosphere celebrating motorsport heritage, Hawksworth stood out in a highly competitive field, with seven different manufacturers represented in the top seven positions. The pole marks his second consecutive top qualifying result, tying a historic series record and reinforcing his status as a key contender in the category.<\/p>\n\n\n\n<h2 class=\"wp-block-heading has-text-align-center\"><strong>A pole with deep meaning<\/strong><\/h2>\n\n\n\n<figure class=\"wp-block-image size-large\"><img loading=\"lazy\" decoding=\"async\" width=\"1024\" height=\"576\" src=\"https:\/\/onwheelstv.com\/wp-content\/uploads\/2026\/05\/2026NewsMaiIMSALgSecaGTDPQF5-1024x576.jpg\" alt=\"\" class=\"wp-image-1670\" srcset=\"https:\/\/onwheelstv.com\/wp-content\/uploads\/2026\/05\/2026NewsMaiIMSALgSecaGTDPQF5-1024x576.jpg 1024w, https:\/\/onwheelstv.com\/wp-content\/uploads\/2026\/05\/2026NewsMaiIMSALgSecaGTDPQF5-300x169.jpg 300w, https:\/\/onwheelstv.com\/wp-content\/uploads\/2026\/05\/2026NewsMaiIMSALgSecaGTDPQF5-768x432.jpg 768w, https:\/\/onwheelstv.com\/wp-content\/uploads\/2026\/05\/2026NewsMaiIMSALgSecaGTDPQF5-18x10.jpg 18w, https:\/\/onwheelstv.com\/wp-content\/uploads\/2026\/05\/2026NewsMaiIMSALgSecaGTDPQF5-747x420.jpg 747w, https:\/\/onwheelstv.com\/wp-content\/uploads\/2026\/05\/2026NewsMaiIMSALgSecaGTDPQF5-150x84.jpg 150w, https:\/\/onwheelstv.com\/wp-content\/uploads\/2026\/05\/2026NewsMaiIMSALgSecaGTDPQF5-696x392.jpg 696w, https:\/\/onwheelstv.com\/wp-content\/uploads\/2026\/05\/2026NewsMaiIMSALgSecaGTDPQF5-1068x601.jpg 1068w, https:\/\/onwheelstv.com\/wp-content\/uploads\/2026\/05\/2026NewsMaiIMSALgSecaGTDPQF5.jpg 1280w\" sizes=\"auto, (max-width: 1024px) 100vw, 1024px\" \/><figcaption class=\"wp-element-caption\">Photo: <strong>\u00a9BMW Motorsport<\/strong><\/figcaption><\/figure>\n\n\n\n<p>Beyond the sporting achievement, this pole carried emotional weight following the news of the passing of Alex Zanardi, a legendary figure in motorsport and former teammate of team co-owner Jimmy Vasser.<\/p>\n\n\n\n<p>Hawksworth acknowledged the significance of the moment. <strong>\u201cThis is a very special one. We\u2019ve struggled here in the past, so getting pole at this track means a lot. On a day like this, with such sad news, it becomes even more emotional\u201d<\/strong>, he said.<\/p>\n\n\n\n<p>Historically, the Lexus RC F GT3 has struggled at Laguna Seca, making this result particularly meaningful. The team\u2019s progress and precise execution in qualifying turned a previous weakness into a competitive strength.<\/p>\n\n\n\n<h2 class=\"wp-block-heading has-text-align-center\"><strong>Tight field and strong competition<\/strong><\/h2>\n\n\n\n<figure class=\"wp-block-image size-large\"><img loading=\"lazy\" decoding=\"async\" width=\"1024\" height=\"576\" src=\"https:\/\/onwheelstv.com\/wp-content\/uploads\/2026\/05\/2026NewsMaiIMSALgSecaGTDPQF2-1024x576.jpg\" alt=\"\" class=\"wp-image-1672\" srcset=\"https:\/\/onwheelstv.com\/wp-content\/uploads\/2026\/05\/2026NewsMaiIMSALgSecaGTDPQF2-1024x576.jpg 1024w, https:\/\/onwheelstv.com\/wp-content\/uploads\/2026\/05\/2026NewsMaiIMSALgSecaGTDPQF2-300x169.jpg 300w, https:\/\/onwheelstv.com\/wp-content\/uploads\/2026\/05\/2026NewsMaiIMSALgSecaGTDPQF2-768x432.jpg 768w, https:\/\/onwheelstv.com\/wp-content\/uploads\/2026\/05\/2026NewsMaiIMSALgSecaGTDPQF2-18x10.jpg 18w, https:\/\/onwheelstv.com\/wp-content\/uploads\/2026\/05\/2026NewsMaiIMSALgSecaGTDPQF2-747x420.jpg 747w, https:\/\/onwheelstv.com\/wp-content\/uploads\/2026\/05\/2026NewsMaiIMSALgSecaGTDPQF2-150x84.jpg 150w, https:\/\/onwheelstv.com\/wp-content\/uploads\/2026\/05\/2026NewsMaiIMSALgSecaGTDPQF2-696x392.jpg 696w, https:\/\/onwheelstv.com\/wp-content\/uploads\/2026\/05\/2026NewsMaiIMSALgSecaGTDPQF2-1068x601.jpg 1068w, https:\/\/onwheelstv.com\/wp-content\/uploads\/2026\/05\/2026NewsMaiIMSALgSecaGTDPQF2.jpg 1280w\" sizes=\"auto, (max-width: 1024px) 100vw, 1024px\" \/><figcaption class=\"wp-element-caption\">Photo: <strong>\u00a9Lumen Photo Agency\/Jake Galstad<\/strong><\/figcaption><\/figure>\n\n\n\n<p>Behind Hawksworth, Neil Verhagen placed the BMW M4 GT3 Evo from Paul Miller Racing in second, just over two tenths behind. The field remains highly competitive, with multiple manufacturers including Ford, Porsche, Chevrolet, Lamborghini and McLaren all showing strong pace.<\/p>\n\n\n\n<p>An interesting statistic adds further intrigue: none of the previous three polesitters this season have gone on to win the race. Hawksworth will aim to break that trend at a circuit where overtaking is notoriously difficult.<\/p>\n\n\n\n<h2 class=\"wp-block-heading has-text-align-center\"><strong>Patrese leads new generation in GTD<\/strong><\/h2>\n\n\n\n<figure class=\"wp-block-image size-large\"><img loading=\"lazy\" decoding=\"async\" width=\"1024\" height=\"576\" src=\"https:\/\/onwheelstv.com\/wp-content\/uploads\/2026\/05\/2026NewsMaiIMSALgSecaGTDPQF3-1024x576.jpg\" alt=\"\" class=\"wp-image-1674\" srcset=\"https:\/\/onwheelstv.com\/wp-content\/uploads\/2026\/05\/2026NewsMaiIMSALgSecaGTDPQF3-1024x576.jpg 1024w, https:\/\/onwheelstv.com\/wp-content\/uploads\/2026\/05\/2026NewsMaiIMSALgSecaGTDPQF3-300x169.jpg 300w, https:\/\/onwheelstv.com\/wp-content\/uploads\/2026\/05\/2026NewsMaiIMSALgSecaGTDPQF3-768x432.jpg 768w, https:\/\/onwheelstv.com\/wp-content\/uploads\/2026\/05\/2026NewsMaiIMSALgSecaGTDPQF3-18x10.jpg 18w, https:\/\/onwheelstv.com\/wp-content\/uploads\/2026\/05\/2026NewsMaiIMSALgSecaGTDPQF3-747x420.jpg 747w, https:\/\/onwheelstv.com\/wp-content\/uploads\/2026\/05\/2026NewsMaiIMSALgSecaGTDPQF3-150x84.jpg 150w, https:\/\/onwheelstv.com\/wp-content\/uploads\/2026\/05\/2026NewsMaiIMSALgSecaGTDPQF3-696x392.jpg 696w, https:\/\/onwheelstv.com\/wp-content\/uploads\/2026\/05\/2026NewsMaiIMSALgSecaGTDPQF3-1068x601.jpg 1068w, https:\/\/onwheelstv.com\/wp-content\/uploads\/2026\/05\/2026NewsMaiIMSALgSecaGTDPQF3.jpg 1280w\" sizes=\"auto, (max-width: 1024px) 100vw, 1024px\" \/><figcaption class=\"wp-element-caption\">Photo: <strong>\u00a9Lumen Photo Agency\/Brandon Badraoui<\/strong><\/figcaption><\/figure>\n\n\n\n<p>In the GTD class, Lorenzo Patrese claimed pole position in the Ferrari 296 GT3 for Conquest Racing. The young Italian, son of former Formula 1 driver Riccardo Patrese, emerged victorious in a direct battle with Eduardo Barrichello, son of Rubens Barrichello, highlighting a new generation of racing talent.<\/p>\n\n\n\n<p>Patrese set a best time of 1:21.441, securing his second pole in the championship and the team\u2019s first since 2012. The result carried additional significance on a day dedicated to remembering Zanardi, a figure closely linked to the Patrese family.<\/p>\n\n\n\n<p>With a competitive field, emotional context and multiple narratives unfolding, the Laguna Seca race promises to be more than just a fight for victory \u2014 it will also be a celebration of motorsport\u2019s past, present and future.<\/p>","protected":false},"excerpt":{"rendered":"<p>Jack Hawksworth garantiu a pole position na categoria GTD PRO em Laguna Seca, num momento t\u00e3o competitivo quanto emocional, ao volante do Lexus RC F GT3 da Vasser Sullivan Racing. O brit\u00e2nico assinou uma volta de 1:21.228, assegurando o melhor tempo numa sess\u00e3o extremamente disputada no \u00e2mbito da quarta ronda do IMSA WeatherTech SportsCar Championship. [&hellip;]<\/p>\n","protected":false},"author":2,"featured_media":1666,"comment_status":"open","ping_status":"closed","sticky":false,"template":"","format":"standard","meta":{"_monsterinsights_skip_tracking":false,"_monsterinsights_sitenote_active":false,"_monsterinsights_sitenote_note":"","_monsterinsights_sitenote_category":0,"_uf_show_specific_survey":0,"_uf_disable_surveys":false,"footnotes":""},"categories":[212,33,8],"tags":[514,400,513,512,441,515,440],"class_list":{"0":"post-1665","1":"post","2":"type-post","3":"status-publish","4":"format-standard","5":"has-post-thumbnail","7":"category-imsa","8":"category-motorsport","9":"category-news","10":"tag-alessandro-zanardi","11":"tag-imsa-weathertech-sportscar","12":"tag-jack-hawksworth","13":"tag-laguna-seca","14":"tag-lexus-rc-f-gt3","15":"tag-lorenzo-patrese","16":"tag-vasser-sullivan"},"aioseo_notices":[],"amp_enabled":true,"_links":{"self":[{"href":"https:\/\/onwheelstv.com\/en\/wp-json\/wp\/v2\/posts\/1665","targetHints":{"allow":["GET"]}}],"collection":[{"href":"https:\/\/onwheelstv.com\/en\/wp-json\/wp\/v2\/posts"}],"about":[{"href":"https:\/\/onwheelstv.com\/en\/wp-json\/wp\/v2\/types\/post"}],"author":[{"embeddable":true,"href":"https:\/\/onwheelstv.com\/en\/wp-json\/wp\/v2\/users\/2"}],"replies":[{"embeddable":true,"href":"https:\/\/onwheelstv.com\/en\/wp-json\/wp\/v2\/comments?post=1665"}],"version-history":[{"count":5,"href":"https:\/\/onwheelstv.com\/en\/wp-json\/wp\/v2\/posts\/1665\/revisions"}],"predecessor-version":[{"id":1675,"href":"https:\/\/onwheelstv.com\/en\/wp-json\/wp\/v2\/posts\/1665\/revisions\/1675"}],"wp:featuredmedia":[{"embeddable":true,"href":"https:\/\/onwheelstv.com\/en\/wp-json\/wp\/v2\/media\/1666"}],"wp:attachment":[{"href":"https:\/\/onwheelstv.com\/en\/wp-json\/wp\/v2\/media?parent=1665"}],"wp:term":[{"taxonomy":"category","embeddable":true,"href":"https:\/\/onwheelstv.com\/en\/wp-json\/wp\/v2\/categories?post=1665"},{"taxonomy":"post_tag","embeddable":true,"href":"https:\/\/onwheelstv.com\/en\/wp-json\/wp\/v2\/tags?post=1665"}],"curies":[{"name":"wp","href":"https:\/\/api.w.org\/{rel}","templated":true}]}}